{"id":32084,"date":"2024-07-06T16:19:39","date_gmt":"2024-07-06T14:19:39","guid":{"rendered":"https:\/\/www.confianz.be\/?p=32084"},"modified":"2024-08-09T10:32:59","modified_gmt":"2024-08-09T08:32:59","slug":"location-de-vacances-en-costa-blanca-formation","status":"publish","type":"post","link":"https:\/\/www.confianz.be\/fr\/vakantieverhuur-in-de-costa-blanca-opleiding\/","title":{"rendered":"Formation agr\u00e9\u00e9e (BIV) : La location de vacances en Espagne : la r\u00e9glementation en Costa Blanca"},"content":{"rendered":"<p>Cette formation couvre la l\u00e9gislation sur la location de vacances sp\u00e9cifique \u00e0 la r\u00e9gion autonome espagnole de Valenciana (Costa Blanca Nord et Costa Blanca Sud). <\/p>\n\n\n\n<p><strong>Attention :<\/strong> cette formation ne prend pas en compte les changements fondamentaux de la l\u00e9gislation du 8 ao\u00fbt 2024. <a href=\"https:\/\/www.confianz.be\/fr\/location-de-vacances-en-costa-blanca\/\" data-type=\"link\" data-id=\"https:\/\/www.confianz.be\/vakantieverhuur-in-de-costa-blanca\/\">Vous trouverez ici un aper\u00e7u des principaux changements.<\/a><\/p>\n\n\n\n<p>Le prochain <strong>th\u00e8mes<\/strong> des locations de vacances sur la Costa Blanca sont couvertes :<\/p>\n\n\n\n<ul class=\"wp-block-list\">\n<li>Aper\u00e7u des diff\u00e9rents r\u00e9gimes de location<\/li>\n\n\n\n<li>Qu'est-ce qui est consid\u00e9r\u00e9 comme une location de vacances dans la r\u00e9gion autonome de Valence ?<\/li>\n\n\n\n<li>Qu'est-ce qui n'est pas consid\u00e9r\u00e9 comme une location de vacances dans la r\u00e9gion autonome de Valence ?<\/li>\n\n\n\n<li>Quelles sont les conditions \u00e0 remplir pour qu'un bien immobilier puisse faire l'objet d'une location de vacances ?<\/li>\n\n\n\n<li>Quelle est la proc\u00e9dure \u00e0 suivre pour demander un permis de location ?&nbsp;<\/li>\n\n\n\n<li>Conditions de s\u00e9curit\u00e9 et de confort dans le logement<\/li>\n\n\n\n<li>Inscription des invit\u00e9s<\/li>\n\n\n\n<li>TVA sur les revenus locatifs<\/li>\n\n\n\n<li>Imp\u00f4t pour les non-r\u00e9sidents<\/li>\n<\/ul>\n\n\n\n<p><\/p>\n\n\n\n<p><strong>Frais de participation<\/strong>Prix : 40,50 euros hors TVA, 49 euros TVA incluse<\/p>\n\n\n\n<p><strong>Reconnaissance BIV<\/strong>: 2 heures<\/p>\n\n\n\n<p><strong>Politique d'annulation<\/strong>: pas de remboursement possible<\/p>\n\n\n\n<p><strong>Langues<\/strong>: Pays-Bas<\/p>\n\n\n\n<p><strong>L'heure<\/strong>: \u00e0 la demande<\/p>\n\n\n\n<p><a href=\"https:\/\/confianz.webinargeek.com\/vakantieverhuur-in-spanje-de-regelgeving-in-de-costa-blanca\" data-type=\"link\" data-id=\"https:\/\/confianz.webinargeek.com\/vakantieverhuur-in-spanje-de-regelgeving-in-de-costa-blanca\" target=\"_blank\" rel=\"noopener\"><strong>S'abonner<\/strong> peut se faire via ce lien<strong>.<\/strong><\/a><\/p>","protected":false},"excerpt":{"rendered":"<p>Cette formation vous donne un aper\u00e7u de la l\u00e9gislation relative \u00e0 la location de vacances sur la Costa Blanca. Proc\u00e9dure de demande - obligations - taxes<\/p>","protected":false},"author":2,"featured_media":32085,"comment_status":"closed","ping_status":"open","sticky":false,"template":"","format":"standard","meta":{"_acf_changed":false,"footnotes":""},"categories":[846,161],"tags":[189,879,878,187],"class_list":["post-32084","post","type-post","status-publish","format-standard","has-post-thumbnail","hentry","category-webinars","category-verhuren-in-spanje","tag-belastingen","tag-biv","tag-erkende-opleiding","tag-verhuren-in-spanje"],"acf":[],"_links":{"self":[{"href":"https:\/\/www.confianz.be\/fr\/wp-json\/wp\/v2\/posts\/32084","targetHints":{"allow":["GET"]}}],"collection":[{"href":"https:\/\/www.confianz.be\/fr\/wp-json\/wp\/v2\/posts"}],"about":[{"href":"https:\/\/www.confianz.be\/fr\/wp-json\/wp\/v2\/types\/post"}],"author":[{"embeddable":true,"href":"https:\/\/www.confianz.be\/fr\/wp-json\/wp\/v2\/users\/2"}],"replies":[{"embeddable":true,"href":"https:\/\/www.confianz.be\/fr\/wp-json\/wp\/v2\/comments?post=32084"}],"version-history":[{"count":4,"href":"https:\/\/www.confianz.be\/fr\/wp-json\/wp\/v2\/posts\/32084\/revisions"}],"predecessor-version":[{"id":32136,"href":"https:\/\/www.confianz.be\/fr\/wp-json\/wp\/v2\/posts\/32084\/revisions\/32136"}],"wp:featuredmedia":[{"embeddable":true,"href":"https:\/\/www.confianz.be\/fr\/wp-json\/wp\/v2\/media\/32085"}],"wp:attachment":[{"href":"https:\/\/www.confianz.be\/fr\/wp-json\/wp\/v2\/media?parent=32084"}],"wp:term":[{"taxonomy":"category","embeddable":true,"href":"https:\/\/www.confianz.be\/fr\/wp-json\/wp\/v2\/categories?post=32084"},{"taxonomy":"post_tag","embeddable":true,"href":"https:\/\/www.confianz.be\/fr\/wp-json\/wp\/v2\/tags?post=32084"}],"curies":[{"name":"wp","href":"https:\/\/api.w.org\/{rel}","templated":true}]}}