{"id":30872,"date":"2023-10-17T08:00:00","date_gmt":"2023-10-17T06:00:00","guid":{"rendered":"https:\/\/www.confianz.be\/?p=30872"},"modified":"2023-10-17T15:24:50","modified_gmt":"2023-10-17T13:24:50","slug":"aide-a-lemigration-vers-lespagne-padron","status":"publish","type":"post","link":"https:\/\/www.confianz.be\/fr\/hulp-bij-emigreren-naar-spanje-padron\/","title":{"rendered":"Aide \u00e0 l'\u00e9migration en Espagne : qu'est-ce que \"el padr\u00f3n\" ?"},"content":{"rendered":"<div data-elementor-type=\"wp-post\" data-elementor-id=\"30872\" class=\"elementor elementor-30872\" data-elementor-post-type=\"post\">\n\t\t\t\t\t\t<section class=\"elementor-section elementor-top-section elementor-element elementor-element-c553b42 elementor-section-boxed elementor-section-height-default elementor-section-height-default\" data-id=\"c553b42\" data-element_type=\"section\" data-e-type=\"section\">\n\t\t\t\t\t\t<div class=\"elementor-container elementor-column-gap-default\">\n\t\t\t\t\t<div class=\"elementor-column elementor-col-100 elementor-top-column elementor-element elementor-element-6b460732\" data-id=\"6b460732\" data-element_type=\"column\" data-e-type=\"column\">\n\t\t\t<div class=\"elementor-widget-wrap elementor-element-populated\">\n\t\t\t\t\t\t<div class=\"elementor-element elementor-element-19894a80 elementor-widget elementor-widget-text-editor\" data-id=\"19894a80\" data-element_type=\"widget\" data-e-type=\"widget\" data-widget_type=\"text-editor.default\">\n\t\t\t\t<div class=\"elementor-widget-container\">\n\t\t\t\t\t\t\t\t\t\n<p>La premi\u00e8re \u00e9tape pour \u00e9migrer en Espagne consiste \u00e0 s'inscrire \u00e0 '<em>El Padr\u00f3n<\/em>'. Il s'agit du registre de la population de la commune. Dans cet article, vous trouverez donc plus d'informations sur le registre de la population et sur l'aide \u00e0 l'\u00e9migration en Espagne.<\/p>\n\n<h4 class=\"wp-block-heading\">Qu'est-ce que '<em>El Padr\u00f3n<\/em>\u2018 ?<\/h4>\n\n<p>Les <em>Padr\u00f3n<\/em> est le registre de la population de la municipalit\u00e9. Vous devez vous inscrire au registre de la population de votre lieu de r\u00e9sidence pour que la municipalit\u00e9 puisse conna\u00eetre le nombre d'habitants. Vous pouvez \u00e9galement participer aux \u00e9lections locales. Apr\u00e8s votre inscription, vous recevrez le '<em>certificado de empadronamiento<\/em>\u2018.<\/p>\n<p><span style=\"font-weight: 400;\"><\/span><\/p>\n<p><span style=\"font-weight: 400;\"><\/span><\/p>\n<p><iframe title=\"Qu&#039;est-ce que le padr\u00f3n en Espagne ?\" width=\"800\" height=\"450\" src=\"https:\/\/www.youtube.com\/embed\/fDxELWU8ctw?feature=oembed\" frameborder=\"0\" allow=\"accelerometer; autoplay; clipboard-write; encrypted-media; gyroscope; picture-in-picture; web-share\" allowfullscreen><\/iframe><\/p>\n<p><span style=\"font-weight: 400;\"><\/span><\/p>\n<p><span style=\"font-weight: 400;\"><\/span><\/p>\n\n<figure class=\"wp-block-embed is-type-video is-provider-youtube wp-block-embed-youtube wp-embed-aspect-16-9 wp-has-aspect-ratio\">\n<div class=\"wp-block-embed__wrapper\">\u00a0<\/div>\n<\/figure>\n\n<h4 class=\"wp-block-heading\">Pourquoi dois-je m'inscrire au registre de la population ?<\/h4>\n\n<p>Si vous souhaitez devenir r\u00e9sident en Espagne, l'inscription au registre de la population est obligatoire et constitue la premi\u00e8re \u00e9tape. En effet, vous avez besoin d'une adresse officielle.<\/p>\n\n<p>Par exemple, sur la base de votre adresse officielle, vous pourrez plus tard transf\u00e9rer votre permis de conduire vers un permis espagnol, avoir acc\u00e8s \u00e0 la s\u00e9curit\u00e9 sociale et \u00e0 l'assurance maladie espagnoles. Si vous avez des enfants en \u00e2ge scolaire, une \u00e9cole vous sera attribu\u00e9e en fonction de votre adresse officielle.<\/p>\n\n<p>Sans<em> padr\u00f3n<\/em>Si vous n'\u00eates pas en possession d'un passeport ou d'une carte d'identit\u00e9 de moins de 3 mois, vous n'obtiendrez pas non plus votre permis de s\u00e9jour.<\/p>\n\n<h4 class=\"wp-block-heading\">Quels sont les documents dont j'ai besoin pour le <em>padr\u00f3n<\/em>?<\/h4>\n\n<p>Les documents varient d'une commune \u00e0 l'autre. En g\u00e9n\u00e9ral, vous aurez besoin de<\/p>\n\n<ul class=\"wp-block-list\">\n<li>un num\u00e9ro NIE<\/li>\n\n<li>un certificat de r\u00e9sidence<\/li>\n\n<li>carte d'identit\u00e9 ou passeport.<\/li>\n<\/ul>\n\n<p>\u00a0<\/p>\n\n<p>La preuve de la r\u00e9sidence est un titre de propri\u00e9t\u00e9, un contrat de location et\/ou des factures de services publics.<\/p>\n\n<p><strong><a href=\"https:\/\/www.confianz.be\/fr\/numero-nie\/\" data-type=\"link\" data-id=\"https:\/\/www.confianz.be\/nie-nummer\/\">Qu'est-ce qu'un num\u00e9ro NIE et comment le demander ?<\/a><\/strong><\/p>\n\n<h4 class=\"wp-block-heading\">Quelles sont les prochaines \u00e9tapes ?<\/h4>\n\n<p>Une fois inscrit au registre de la population, vous pouvez vous inscrire aupr\u00e8s de l'office de s\u00e9curit\u00e9 sociale afin d'avoir acc\u00e8s \u00e0 la<a href=\"https:\/\/www.confianz.be\/fr\/formulaire-s1\/\" data-type=\"link\" data-id=\"https:\/\/www.confianz.be\/formulier-s1\/\"> <strong>l'assurance maladie<\/strong><\/a>. Votre situation d\u00e9pend de votre profession. Il existe des proc\u00e9dures diff\u00e9rentes pour les salari\u00e9s, les ind\u00e9pendants, les pensionn\u00e9s ou les retrait\u00e9s.<\/p>\n\n<p>Vous pouvez ensuite vous inscrire aupr\u00e8s de la police nationale espagnole et obtenir votre carte de r\u00e9sident.<\/p>\n\n<p><strong><a href=\"https:\/\/www.confianz.be\/fr\/resident-en-espagne\/\" data-type=\"link\" data-id=\"https:\/\/www.confianz.be\/resident-in-spanje\/\">Vous trouverez ici plus d'informations sur les \u00e9tapes de l'\u00e9migration vers l'Espagne.<\/a><\/strong><\/p>\n\n<h4 class=\"wp-block-heading\">Implications fiscales du Padr\u00f3n<\/h4>\n\n<p>En vous inscrivant au registre de la population, vous reconnaissez que votre r\u00e9sidence permanente se trouve en Espagne. Dans ce cas, en fonction de votre situation r\u00e9elle, vous pouvez \u00eatre consid\u00e9r\u00e9 comme r\u00e9sident fiscal. Vos revenus et votre patrimoine mondiaux seront alors impos\u00e9s conform\u00e9ment \u00e0 la r\u00e9glementation espagnole.<\/p>\n\n<p><strong><a href=\"https:\/\/www.confianz.be\/fr\/emigrer-en-espagne\/\" data-type=\"link\" data-id=\"https:\/\/www.confianz.be\/emigreren-naar-spanje\/\">En savoir plus sur les implications fiscales de l'\u00e9migration en Espagne.<\/a><\/strong><\/p>\n\n<blockquote class=\"wp-block-quote is-layout-flow wp-block-quote-is-layout-flow\">\n<p>Besoin d'aide pour \u00e9migrer en Espagne ? Si c'est le cas, n'h\u00e9sitez pas \u00e0 <strong><a href=\"https:\/\/www.confianz.be\/fr\/contact\/\" data-type=\"link\" data-id=\"https:\/\/www.confianz.be\/contact\/\">contact <\/a><\/strong>ou consultez nos services pour <strong><a href=\"https:\/\/www.confianz.be\/fr\/devenir-resident-en-espagne\/\" data-type=\"link\" data-id=\"https:\/\/www.confianz.be\/resident-worden-in-spanje\/\">conseils en mati\u00e8re d'\u00e9migration<\/a><\/strong>.<\/p>\n<\/blockquote>\n\t\t\t\t\t\t\t\t<\/div>\n\t\t\t\t<\/div>\n\t\t\t\t\t<\/div>\n\t\t<\/div>\n\t\t\t\t\t<\/div>\n\t\t<\/section>\n\t\t\t\t<\/div>","protected":false},"excerpt":{"rendered":"<p>Aide \u00e0 l'\u00e9migration en Espagne : la premi\u00e8re \u00e9tape consiste \u00e0 s'inscrire au padr\u00f3n. Il s'agit du registre de la population espagnole. Pour plus d'informations, cliquez ici.<\/p>","protected":false},"author":2,"featured_media":30876,"comment_status":"closed","ping_status":"open","sticky":false,"template":"","format":"standard","meta":{"_acf_changed":false,"footnotes":""},"categories":[131],"tags":[836,826,210,833],"class_list":["post-30872","post","type-post","status-publish","format-standard","has-post-thumbnail","hentry","category-emigreren-naar-spanje-artikels","tag-bevolkingsregister","tag-emigratiebegeleiding","tag-emigreren-naar-spanje","tag-hulp-bij-emigreren-naar-spanje"],"acf":[],"_links":{"self":[{"href":"https:\/\/www.confianz.be\/fr\/wp-json\/wp\/v2\/posts\/30872","targetHints":{"allow":["GET"]}}],"collection":[{"href":"https:\/\/www.confianz.be\/fr\/wp-json\/wp\/v2\/posts"}],"about":[{"href":"https:\/\/www.confianz.be\/fr\/wp-json\/wp\/v2\/types\/post"}],"author":[{"embeddable":true,"href":"https:\/\/www.confianz.be\/fr\/wp-json\/wp\/v2\/users\/2"}],"replies":[{"embeddable":true,"href":"https:\/\/www.confianz.be\/fr\/wp-json\/wp\/v2\/comments?post=30872"}],"version-history":[{"count":12,"href":"https:\/\/www.confianz.be\/fr\/wp-json\/wp\/v2\/posts\/30872\/revisions"}],"predecessor-version":[{"id":30891,"href":"https:\/\/www.confianz.be\/fr\/wp-json\/wp\/v2\/posts\/30872\/revisions\/30891"}],"wp:featuredmedia":[{"embeddable":true,"href":"https:\/\/www.confianz.be\/fr\/wp-json\/wp\/v2\/media\/30876"}],"wp:attachment":[{"href":"https:\/\/www.confianz.be\/fr\/wp-json\/wp\/v2\/media?parent=30872"}],"wp:term":[{"taxonomy":"category","embeddable":true,"href":"https:\/\/www.confianz.be\/fr\/wp-json\/wp\/v2\/categories?post=30872"},{"taxonomy":"post_tag","embeddable":true,"href":"https:\/\/www.confianz.be\/fr\/wp-json\/wp\/v2\/tags?post=30872"}],"curies":[{"name":"wp","href":"https:\/\/api.w.org\/{rel}","templated":true}]}}