{"id":26448,"date":"2021-01-28T08:00:00","date_gmt":"2021-01-28T07:00:00","guid":{"rendered":"https:\/\/www.confianz.be\/?p=26448"},"modified":"2021-01-28T08:00:00","modified_gmt":"2021-01-28T07:00:00","slug":"de-larret-du-beton-au-changement-de-construction-les-implications-pour-votre-application-de-construction","status":"publish","type":"post","link":"https:\/\/www.confianz.be\/fr\/van-betonstop-naar-bouwshift-gevolgen-voor-uw-bouwaanvraag\/","title":{"rendered":"De la chape de b\u00e9ton au changement de construction : implications pratiques pour votre application de construction"},"content":{"rendered":"<p>Le gel du b\u00e9ton fait la une de l'actualit\u00e9 depuis plusieurs ann\u00e9es. Entre-temps, on est pass\u00e9 du terme \"gel du b\u00e9ton\" \u00e0 celui de \"glissement de la construction\". Mais qu'est-ce que cela signifie concr\u00e8tement ? Et quelles sont les implications pratiques pour votre application de construction ? Cet article vous offre une vue d'ensemble.<\/p>\n\n\n\n<h4 class=\"wp-block-heading\">Signification de l'arr\u00eat du b\u00e9ton : que signifie l'arr\u00eat du b\u00e9ton \/ le changement de construction ?<\/h4>\n\n\n\n<p>Tr\u00e8s concr\u00e8tement, les termes \"gel des constructions\" et \"transfert des constructions\" impliquent que nous occupions tous moins d'espace. L'objectif du gel concret est de veiller \u00e0 ce qu'aucun nouvel espace ouvert ne soit utilis\u00e9 pour la construction d'ici 2040. En d'autres termes, il s'agit d'utiliser l'espace de mani\u00e8re plus \u00e9conome. <\/p>\n\n\n\n<p>Plus pr\u00e9cis\u00e9ment, la r\u00e9orientation de l'arr\u00eat du b\u00e9ton et de la construction vise \u00e0 ne compacter que dans les endroits qui s'y pr\u00eatent. Il s'agit d'endroits proches des noyaux ou o\u00f9 l'espace est d\u00e9j\u00e0 occup\u00e9 par des constructions. La politique vise \u00e0 pr\u00e9server ou \u00e0 r\u00e9organiser les espaces ouverts afin d'en cr\u00e9er de nouveaux.<\/p>\n\n\n\n<h4 class=\"wp-block-heading\">Comment cette \u00e9volution concr\u00e8te de l'arr\u00eat et de la construction sera-t-elle fa\u00e7onn\u00e9e ?<\/h4>\n\n\n\n<p>Cette question a d\u00e9j\u00e0 fait couler beaucoup d'encre. Le dernier \u00e9tat des lieux est l'accord conclu \u00e0 ce sujet par le gouvernement flamand au d\u00e9but du mois de d\u00e9cembre. Mais il ne s'agit que d'un accord. Il doit encore \u00eatre transform\u00e9 en r\u00e8glement contraignant, ce qui peut prendre un certain temps. D'ici l\u00e0, les r\u00e8gles ordinaires relatives, entre autres, \u00e0 l'indemnisation des dommages caus\u00e9s par la planification et \u00e0 la r\u00e9affectation resteront d'application.<\/p>\n\n\n\n<h4 class=\"wp-block-heading\">En quoi consiste l'accord de principe du gouvernement flamand sur la mise en \u0153uvre de la transition concr\u00e8te entre l'arr\u00eat et la construction ?<\/h4>\n\n\n\n<p>Entre autres choses, cet accord sur la mani\u00e8re de combler le d\u00e9calage entre l'arr\u00eat du b\u00e9ton et la construction pr\u00e9voyait que les \"zones de r\u00e9serve r\u00e9sidentielles\" seraient plac\u00e9es sous cloche jusqu'en 2040. Il y aurait \u00e9galement une intention d'augmenter les compensations pour les propri\u00e9taires qui ne sont plus autoris\u00e9s \u00e0 construire.<\/p>\n\n\n\n<p>Les zones de r\u00e9serve r\u00e9sidentielle sont g\u00e9n\u00e9ralement des zones de quelques hectares qui sont contigu\u00ebs \u00e0 des zones r\u00e9sidentielles r\u00e9elles, mais qui ne sont g\u00e9n\u00e9ralement pas encore construites. Les municipalit\u00e9s disposeront d'un d\u00e9lai de 20 ans pour d\u00e9cider de leur utilisation. Si le terrain est converti en espace ouvert, la municipalit\u00e9 devra verser une compensation aux propri\u00e9taires.<\/p>\n\n\n\n<p>La municipalit\u00e9 n'est pas oblig\u00e9e de le faire. Elle peut \u00e9galement d\u00e9cider que la zone est de toute fa\u00e7on \u00e9ligible au d\u00e9veloppement. Toutefois, elle ne peut le faire qu'apr\u00e8s une enqu\u00eate publique et la pr\u00e9paration d'un rapport d'impact sur l'environnement. La municipalit\u00e9 peut \u00e9galement choisir de ne rien faire. Dans ce cas, il appartiendra au gouvernement flamand en 2040 de r\u00e9attribuer \u00e9ventuellement les terrains et d'indemniser les propri\u00e9taires.<\/p>\n\n\n\n<p>Une deuxi\u00e8me partie de cet accord pr\u00e9voit une augmentation des redevances pour ceux qui ne sont plus autoris\u00e9s \u00e0 construire sur leur terrain. Cette redevance serait port\u00e9e \u00e0 100% de la valeur marchande actuelle. \u00c0 l'heure actuelle, cette redevance ne repr\u00e9sente que 80% du montant pay\u00e9 \u00e0 l'\u00e9poque pour l'achat du terrain, ajust\u00e9 en fonction de l'indexation. Il n'est pas clair qui doit payer cette redevance. Il s'agit l\u00e0 d'un des principaux points noirs de la transition entre le plafonnement du b\u00e9ton et la construction. Il est donc possible qu'une solution diff\u00e9rente soit choisie sur ce point dans les textes finaux.<\/p>\n\n\n\n<p><strong><a href=\"https:\/\/www.confianz.be\/fr\/contester-un-permis-de-construire-3-conseils-pratiques\/\">Pour en savoir plus sur la contestation d'un permis de construire, cliquez ici.<\/a><\/strong><\/p>\n\n\n\n<h4 class=\"wp-block-heading\">Que signifie le passage de l'arr\u00eat du b\u00e9ton \u00e0 la construction pour votre application de construction ?<\/h4>\n\n\n\n<p>\u00c0 ce jour, il n'est donc pas tout \u00e0 fait clair comment le changement concret \"stop\/build\" sera mis en \u0153uvre en termes concrets. \u00c0 cette fin, nous attendons l'adoption des textes l\u00e9gislatifs d\u00e9finitifs. Cela ne signifie pas pour autant qu'il ne faut pas en tenir compte pour l'instant. Ces concepts ont un impact sur les applications de construction actuelles et nouvelles.<\/p>\n\n\n\n<p>En effet, une autorit\u00e9 locale refusera souvent votre demande de construction pour d'autres raisons si elle estime qu'elle n'est pas conforme \u00e0 ces principes. Par exemple, un refus peut \u00eatre motiv\u00e9 par les \u00e9l\u00e9ments suivants <a href=\"https:\/\/www.confianz.be\/fr\/refus-du-permis-de-construire-vision-politique-locale\/\">des visions politiques locales.<\/a><\/p>\n\n\n\n<p>La question est toutefois de savoir si ce refus de permis de construire est l\u00e9gal. En effet, ces refus sont g\u00e9n\u00e9ralement fond\u00e9s sur des politiques locales qui n'ont pas de force contraignante. Ils ne peuvent donc \u00eatre pris en compte que dans des cas sp\u00e9cifiques. En outre, ils font souvent r\u00e9f\u00e9rence \u00e0 toutes sortes d'\u00e9tudes dont le rapport avec votre demande de permis de construire n'est pas tr\u00e8s clair.<\/p>\n\n\n\n<p><strong><a href=\"https:\/\/www.confianz.be\/fr\/demandes-de-permis\/\">En savoir plus sur les \u00e9tapes de la demande de permis de construire ou de permis d'environnement. <\/a><\/strong><\/p>\n\n\n\n<h4 class=\"wp-block-heading\">Refus d'un permis de construire pour cause d'arr\u00eat du b\u00e9ton\/de d\u00e9calage de la construction : que faire ?<\/h4>\n\n\n\n<p>Toutefois, ces conditions d'utilisation des vues politiques ne sont pas toujours remplies. Elles peuvent \u00e9galement entrer en conflit avec des autorisations similaires d\u00e9j\u00e0 accord\u00e9es dans votre r\u00e9gion. En effet, dans ce cas, il n'y a pas de politique \u00e9tablie. Il est donc tr\u00e8s important, dans ce cas, de v\u00e9rifier si le refus de votre permis \u00e9tait l\u00e9gal. Pour ce faire, il convient d'analyser le refus. Un recours contre un refus ill\u00e9gal peut \u00eatre introduit aupr\u00e8s de la province ou du gouvernement flamand.<\/p>\n\n\n\n<p><strong><a href=\"https:\/\/www.confianz.be\/fr\/refus-du-permis-de-construire\/\">En savoir plus sur les possibilit\u00e9s qui s'offrent \u00e0 vous en cas de refus d'un permis environnemental.<\/a><\/strong> <\/p>","protected":false},"excerpt":{"rendered":"<p>Qu'est-ce que l'arr\u00eat du b\u00e9ton \/ le d\u00e9calage de chantier et qu'est-ce que cela signifie concr\u00e8tement ? Dans cet article, vous trouverez plus d'informations sur l'arr\u00eat du b\u00e9ton et le d\u00e9calage de la construction. <\/p>","protected":false},"author":3,"featured_media":26449,"comment_status":"closed","ping_status":"open","sticky":false,"template":"","format":"standard","meta":{"_acf_changed":false,"footnotes":""},"categories":[126],"tags":[560,561,562,563,521,539],"class_list":["post-26448","post","type-post","status-publish","format-standard","has-post-thumbnail","hentry","category-belgie-vastgoedrecht","tag-advocaat-omgevingsrecht","tag-betonstop","tag-bouwaanvraag","tag-bouwshift","tag-omgevingsrecht","tag-omgevingsvergunning-aanvragen"],"acf":[],"_links":{"self":[{"href":"https:\/\/www.confianz.be\/fr\/wp-json\/wp\/v2\/posts\/26448","targetHints":{"allow":["GET"]}}],"collection":[{"href":"https:\/\/www.confianz.be\/fr\/wp-json\/wp\/v2\/posts"}],"about":[{"href":"https:\/\/www.confianz.be\/fr\/wp-json\/wp\/v2\/types\/post"}],"author":[{"embeddable":true,"href":"https:\/\/www.confianz.be\/fr\/wp-json\/wp\/v2\/users\/3"}],"replies":[{"embeddable":true,"href":"https:\/\/www.confianz.be\/fr\/wp-json\/wp\/v2\/comments?post=26448"}],"version-history":[{"count":0,"href":"https:\/\/www.confianz.be\/fr\/wp-json\/wp\/v2\/posts\/26448\/revisions"}],"wp:featuredmedia":[{"embeddable":true,"href":"https:\/\/www.confianz.be\/fr\/wp-json\/wp\/v2\/media\/26449"}],"wp:attachment":[{"href":"https:\/\/www.confianz.be\/fr\/wp-json\/wp\/v2\/media?parent=26448"}],"wp:term":[{"taxonomy":"category","embeddable":true,"href":"https:\/\/www.confianz.be\/fr\/wp-json\/wp\/v2\/categories?post=26448"},{"taxonomy":"post_tag","embeddable":true,"href":"https:\/\/www.confianz.be\/fr\/wp-json\/wp\/v2\/tags?post=26448"}],"curies":[{"name":"wp","href":"https:\/\/api.w.org\/{rel}","templated":true}]}}